{"id":29195,"date":"2025-08-17T16:43:48","date_gmt":"2025-08-17T16:43:48","guid":{"rendered":"https:\/\/www.premier-clinic.cz\/laser-haarentfernung-wie-lange-bleibt-meine-haut-ohne-haare-glatt\/"},"modified":"2025-08-17T17:09:40","modified_gmt":"2025-08-17T17:09:40","slug":"laser-haarentfernung-wie-lange-bleibt-meine-haut-ohne-haare-glatt","status":"publish","type":"post","link":"https:\/\/www.premier-clinic.cz\/de\/laser-haarentfernung-wie-lange-bleibt-meine-haut-ohne-haare-glatt\/","title":{"rendered":"Laser-Haarentfernung - wie lange bleibt meine Haut ohne Haare glatt?"},"content":{"rendered":"<div data-elementor-type=\"wp-post\" data-elementor-id=\"29195\" class=\"elementor elementor-29195 elementor-18200\" data-elementor-post-type=\"post\">\n\t\t\t\t\t\t<section class=\"elementor-section elementor-top-section elementor-element elementor-element-477130f2 elementor-section-content-middle elementor-section-boxed elementor-section-height-default elementor-section-height-default\" data-id=\"477130f2\" data-element_type=\"section\" data-e-type=\"section\" data-settings=\"{&quot;jet_parallax_layout_list&quot;:[]}\">\n\t\t\t\t\t\t<div class=\"elementor-container elementor-column-gap-default\">\n\t\t\t\t\t<div data-dce-background-image-url=\"https:\/\/www.premier-clinic.cz\/wp-content\/uploads\/2022\/07\/img071222-73.jpg\" class=\"elementor-column elementor-col-50 elementor-top-column elementor-element elementor-element-77a12602\" data-id=\"77a12602\" data-element_type=\"column\" data-e-type=\"column\" data-settings=\"{&quot;background_background&quot;:&quot;classic&quot;}\">\n\t\t\t<div class=\"elementor-widget-wrap elementor-element-populated\">\n\t\t\t\t\t\t<div class=\"elementor-element elementor-element-72bf9db2 elementor-widget elementor-widget-spacer\" data-id=\"72bf9db2\" data-element_type=\"widget\" data-e-type=\"widget\" data-widget_type=\"spacer.default\">\n\t\t\t\t<div class=\"elementor-widget-container\">\n\t\t\t\t\t\t\t<div class=\"elementor-spacer\">\n\t\t\t<div class=\"elementor-spacer-inner\"><\/div>\n\t\t<\/div>\n\t\t\t\t\t\t<\/div>\n\t\t\t\t<\/div>\n\t\t\t\t\t<\/div>\n\t\t<\/div>\n\t\t\t\t<div class=\"elementor-column elementor-col-50 elementor-top-column elementor-element elementor-element-42f335e8\" data-id=\"42f335e8\" data-element_type=\"column\" data-e-type=\"column\">\n\t\t\t<div class=\"elementor-widget-wrap elementor-element-populated\">\n\t\t\t\t\t\t<div data-dce-title-color=\"#000000\" data-dce-advanced-background-color=\"#FFFFFF\" class=\"elementor-element elementor-element-1bc634ac elementor-widget__width-auto elementor-widget elementor-widget-heading\" data-id=\"1bc634ac\" data-element_type=\"widget\" data-e-type=\"widget\" data-widget_type=\"heading.default\">\n\t\t\t\t<div class=\"elementor-widget-container\">\n\t\t\t\t\t<h1 class=\"elementor-heading-title elementor-size-default\">Laser-Haarentfernung - wie lange bleibt meine Haut glatt und haarfrei?<\/h1>\t\t\t\t<\/div>\n\t\t\t\t<\/div>\n\t\t\t\t<div data-dce-text-color=\"#000000\" class=\"elementor-element elementor-element-75faf549 elementor-widget elementor-widget-text-editor\" data-id=\"75faf549\" data-element_type=\"widget\" data-e-type=\"widget\" data-widget_type=\"text-editor.default\">\n\t\t\t\t<div class=\"elementor-widget-container\">\n\t\t\t\t\t\t\t\t\t<p><span style=\"font-weight: 400;\">Jeder, der versucht hat, sich auf die eine oder andere Weise von K\u00f6rperbehaarung zu befreien, wei\u00df, dass die ideale Vorstellung weit von der Realit\u00e4t entfernt ist. <\/span><\/p>\n<p><span style=\"font-weight: 400;\">Nach der Rasur oder dem Zupfen der Haare f\u00fchlte sich die Haut kaum eine Woche lang sch\u00f6n glatt an, und dann begannen die Haare erneut, ans Licht zu dringen, ganz zu schweigen von dem Juckreiz und den unsch\u00f6nen Pickeln, die oft damit einhergehen. <\/span><\/p>\n<p><span style=\"font-weight: 400;\">Wie steht es diesbez\u00fcglich mit dem neuesten Epilations-Hit der Gegenwart, dem Laser? <\/span><\/p>\n\t\t\t\t\t\t\t\t<\/div>\n\t\t\t\t<\/div>\n\t\t\t\t\t<\/div>\n\t\t<\/div>\n\t\t\t\t\t<\/div>\n\t\t<\/section>\n\t\t\t\t<section class=\"elementor-section elementor-top-section elementor-element elementor-element-4a1ee301 elementor-reverse-tablet elementor-reverse-mobile elementor-section-boxed elementor-section-height-default elementor-section-height-default\" data-id=\"4a1ee301\" data-element_type=\"section\" data-e-type=\"section\" data-settings=\"{&quot;jet_parallax_layout_list&quot;:[]}\">\n\t\t\t\t\t\t<div class=\"elementor-container elementor-column-gap-default\">\n\t\t\t\t\t<div class=\"elementor-column elementor-col-50 elementor-top-column elementor-element elementor-element-3ce67bf9\" data-id=\"3ce67bf9\" data-element_type=\"column\" data-e-type=\"column\" data-settings=\"{&quot;background_background&quot;:&quot;classic&quot;}\">\n\t\t\t<div class=\"elementor-widget-wrap elementor-element-populated\">\n\t\t\t\t\t\t<div data-dce-title-color=\"#000000\" class=\"elementor-element elementor-element-647ee259 elementor-widget__width-auto elementor-widget elementor-widget-heading\" data-id=\"647ee259\" data-element_type=\"widget\" data-e-type=\"widget\" data-widget_type=\"heading.default\">\n\t\t\t\t<div class=\"elementor-widget-container\">\n\t\t\t\t\t<h2 class=\"elementor-heading-title elementor-size-default\">Wie lange h\u00e4lt die Laserhaarentfernung an?<\/h2>\t\t\t\t<\/div>\n\t\t\t\t<\/div>\n\t\t\t\t<div data-dce-text-color=\"#000000\" class=\"elementor-element elementor-element-5484539f elementor-widget elementor-widget-text-editor\" data-id=\"5484539f\" data-element_type=\"widget\" data-e-type=\"widget\" data-widget_type=\"text-editor.default\">\n\t\t\t\t<div class=\"elementor-widget-container\">\n\t\t\t\t\t\t\t\t\t<p>Wenn Sie eine konkrete Zahl oder einen Bereich h\u00f6ren m\u00f6chten, werden Sie entt\u00e4uscht sein. Mit dem Laser ist das n\u00e4mlich f\u00fcr immer. Die Menschheit hat entschieden, dass die Haare endg\u00fcltig beseitigt werden m\u00fcssen, nicht nur durch <a href=\"https:\/\/www.premier-clinic.cz\/laserova-depilace-nohou\/\">Beinrasur<\/a>, und hat daf\u00fcr ein Ger\u00e4t geschaffen, f\u00fcr das Epilation kein blo\u00dfes Wort ist.<\/p>\n<p>Laser-Haarentfernung bedeutet nicht nur die Entfernung des Haarfollikels (das kann man auch mit einer gew\u00f6hnlichen Pinzette schaffen), sondern auf so effektive Weise, dass kein Haar (das ist der lateinische Ausdruck f\u00fcr Haar oder Fell), umgangssprachlich gesagt, auch nur den Hauch einer Chance hat.<\/p>\n\t\t\t\t\t\t\t\t<\/div>\n\t\t\t\t<\/div>\n\t\t\t\t\t<\/div>\n\t\t<\/div>\n\t\t\t\t<div data-dce-background-image-url=\"https:\/\/www.premier-clinic.cz\/wp-content\/uploads\/2022\/07\/img071222-36.png\" class=\"elementor-column elementor-col-50 elementor-top-column elementor-element elementor-element-16b6039f\" data-id=\"16b6039f\" data-element_type=\"column\" data-e-type=\"column\" data-settings=\"{&quot;background_background&quot;:&quot;classic&quot;}\">\n\t\t\t<div class=\"elementor-widget-wrap elementor-element-populated\">\n\t\t\t\t\t\t<div class=\"elementor-element elementor-element-44be8b45 elementor-widget elementor-widget-spacer\" data-id=\"44be8b45\" data-element_type=\"widget\" data-e-type=\"widget\" data-widget_type=\"spacer.default\">\n\t\t\t\t<div class=\"elementor-widget-container\">\n\t\t\t\t\t\t\t<div class=\"elementor-spacer\">\n\t\t\t<div class=\"elementor-spacer-inner\"><\/div>\n\t\t<\/div>\n\t\t\t\t\t\t<\/div>\n\t\t\t\t<\/div>\n\t\t\t\t\t<\/div>\n\t\t<\/div>\n\t\t\t\t\t<\/div>\n\t\t<\/section>\n\t\t\t\t<section class=\"elementor-section elementor-top-section elementor-element elementor-element-3ecf5741 elementor-section-content-middle elementor-section-boxed elementor-section-height-default elementor-section-height-default\" data-id=\"3ecf5741\" data-element_type=\"section\" data-e-type=\"section\" data-settings=\"{&quot;jet_parallax_layout_list&quot;:[]}\">\n\t\t\t\t\t\t<div class=\"elementor-container elementor-column-gap-default\">\n\t\t\t\t\t<div data-dce-background-image-url=\"https:\/\/www.premier-clinic.cz\/wp-content\/uploads\/2023\/03\/lazerk0-20.jpg\" class=\"elementor-column elementor-col-50 elementor-top-column elementor-element elementor-element-689c3dba\" data-id=\"689c3dba\" data-element_type=\"column\" data-e-type=\"column\" data-settings=\"{&quot;background_background&quot;:&quot;classic&quot;}\">\n\t\t\t<div class=\"elementor-widget-wrap elementor-element-populated\">\n\t\t\t\t\t\t<div class=\"elementor-element elementor-element-223708a3 elementor-widget elementor-widget-spacer\" data-id=\"223708a3\" data-element_type=\"widget\" data-e-type=\"widget\" data-widget_type=\"spacer.default\">\n\t\t\t\t<div class=\"elementor-widget-container\">\n\t\t\t\t\t\t\t<div class=\"elementor-spacer\">\n\t\t\t<div class=\"elementor-spacer-inner\"><\/div>\n\t\t<\/div>\n\t\t\t\t\t\t<\/div>\n\t\t\t\t<\/div>\n\t\t\t\t\t<\/div>\n\t\t<\/div>\n\t\t\t\t<div class=\"elementor-column elementor-col-50 elementor-top-column elementor-element elementor-element-2ca61a89\" data-id=\"2ca61a89\" data-element_type=\"column\" data-e-type=\"column\">\n\t\t\t<div class=\"elementor-widget-wrap elementor-element-populated\">\n\t\t\t\t\t\t<div data-dce-text-color=\"#000000\" class=\"elementor-element elementor-element-cf92f73 elementor-widget elementor-widget-text-editor\" data-id=\"cf92f73\" data-element_type=\"widget\" data-e-type=\"widget\" data-widget_type=\"text-editor.default\">\n\t\t\t\t<div class=\"elementor-widget-container\">\n\t\t\t\t\t\t\t\t\t<p>Und das alles ohne jegliche Sch\u00e4digung des K\u00f6rpers oder Nebenwirkungen. Dar\u00fcber hinaus gelangt der Laserstrahl m\u00fchelos an alle K\u00f6rperstellen, einschlie\u00dflich der entferntesten Ecken, wie zum Beispiel <a href=\"https:\/\/www.premier-clinic.cz\/laserova-epilace-intimnich-partii\/\">der Haarentfernung im Intimbereich<\/a>, und schwangere Frauen m\u00fcssen sich nicht davor f\u00fcrchten.<\/p>\n<p>Nach der Anwendung des Lasers k\u00f6nnen Sie alle Rasierer und anderen Heimdepilatoren und Epilierger\u00e4te frohen Mutes entsorgen. Sie werden sie nicht mehr ben\u00f6tigen. Scheuen Sie sich nicht, \u00fcberall dort von Haaren befreit zu werden, wo Sie es w\u00fcnschen, und vereinbaren Sie einen Termin f\u00fcr <a href=\"https:\/\/www.premier-clinic.cz\/de\/zakroky\/odstraneni-chloupku\/\">eine Laser-Haarentfernung in Prag.<\/a><\/p>\n\t\t\t\t\t\t\t\t<\/div>\n\t\t\t\t<\/div>\n\t\t\t\t<div data-dce-background-color=\"#0B0F18\" class=\"elementor-element elementor-element-42d3d5d elementor-align-left elementor-widget elementor-widget-button\" data-id=\"42d3d5d\" data-element_type=\"widget\" data-e-type=\"widget\" data-widget_type=\"button.default\">\n\t\t\t\t<div class=\"elementor-widget-container\">\n\t\t\t\t\t\t\t\t\t<div class=\"elementor-button-wrapper\">\n\t\t\t\t\t<a class=\"elementor-button elementor-button-link elementor-size-lg\" href=\"#elementor-action%3Aaction%3Dpopup%3Aopen%26settings%3DeyJpZCI6ODE2NSwidG9nZ2xlIjpmYWxzZX0%3D\">\n\t\t\t\t\t\t<span class=\"elementor-button-content-wrapper\">\n\t\t\t\t\t\t<span class=\"elementor-button-icon\">\n\t\t\t\t<svg xmlns=\"http:\/\/www.w3.org\/2000\/svg\" xmlns:xlink=\"http:\/\/www.w3.org\/1999\/xlink\" id=\"Vrstva_1\" x=\"0px\" y=\"0px\" viewBox=\"0 0 32 32\" style=\"enable-background:new 0 0 32 32;\" xml:space=\"preserve\"><style type=\"text\/css\">\t.st0{display:none;fill-rule:evenodd;clip-rule:evenodd;fill:none;stroke:#FFFFFF;stroke-width:3;stroke-miterlimit:10;}\t.st1{fill:none;stroke:#FFFFFF;stroke-width:3;stroke-miterlimit:10;}<\/style><title>phone-call<\/title><g id=\"celan-new\">\t<g id=\"home\" transform=\"translate(-1195.000000, -61.000000)\">\t\t<g id=\"Header\" transform=\"translate(360.000000, 56.000000)\">\t\t\t<g id=\"phone-call\" transform=\"translate(835.000000, 5.000000)\">\t\t\t\t<circle id=\"Oval\" class=\"st0\" cx=\"16\" cy=\"14.3\" r=\"34\"><\/circle>\t\t\t\t<path id=\"Shape\" class=\"st1\" d=\"M19.1,8.6c2.4,0.5,4.3,2.4,4.8,4.8 M19.1,3.7c5.1,0.6,9.1,4.6,9.7,9.6 M27.5,23.1v3.6      c0,0.7-0.3,1.3-0.8,1.8c-0.5,0.5-1.2,0.7-1.9,0.6c-3.7-0.4-7.3-1.7-10.5-3.7C11.5,23.5,9,21,7.1,18.1c-2.1-3.2-3.3-6.8-3.7-10.5      C3.3,6.9,3.6,6.2,4,5.7c0.5-0.5,1.1-0.8,1.8-0.8h3.6c1.2,0,2.3,0.9,2.4,2.1c0.2,1.2,0.4,2.3,0.9,3.4c0.3,0.9,0.1,1.9-0.5,2.6      l-1.5,1.5c1.7,3,4.2,5.6,7.3,7.3l1.5-1.5c0.7-0.7,1.7-0.9,2.6-0.5c1.1,0.4,2.2,0.7,3.4,0.9C26.7,20.8,27.6,21.8,27.5,23.1      L27.5,23.1z\"><\/path>\t\t\t<\/g>\t\t<\/g>\t<\/g><\/g><\/svg>\t\t\t<\/span>\n\t\t\t\t\t\t\t\t\t<span class=\"elementor-button-text\">Ich m\u00f6chte mich von K\u00f6rperhaar mittels Laser entfernen.<\/span>\n\t\t\t\t\t<\/span>\n\t\t\t\t\t<\/a>\n\t\t\t\t<\/div>\n\t\t\t\t\t\t\t\t<\/div>\n\t\t\t\t<\/div>\n\t\t\t\t\t<\/div>\n\t\t<\/div>\n\t\t\t\t\t<\/div>\n\t\t<\/section>\n\t\t\t\t<section data-dce-background-color=\"#FFFFFF\" class=\"elementor-section elementor-top-section elementor-element elementor-element-75adabb8 elementor-reverse-tablet elementor-reverse-mobile elementor-section-boxed elementor-section-height-default elementor-section-height-default\" data-id=\"75adabb8\" data-element_type=\"section\" data-e-type=\"section\" data-settings=\"{&quot;jet_parallax_layout_list&quot;:[],&quot;background_background&quot;:&quot;gradient&quot;}\">\n\t\t\t\t\t\t<div class=\"elementor-container elementor-column-gap-default\">\n\t\t\t\t\t<div data-dce-background-color=\"#FFFFFF\" class=\"elementor-column elementor-col-50 elementor-top-column elementor-element elementor-element-24d857ae\" data-id=\"24d857ae\" data-element_type=\"column\" data-e-type=\"column\" data-settings=\"{&quot;background_background&quot;:&quot;classic&quot;}\">\n\t\t\t<div class=\"elementor-widget-wrap elementor-element-populated\">\n\t\t\t\t\t\t<div class=\"elementor-element elementor-element-3d56cf6c elementor-widget__width-auto elementor-widget elementor-widget-heading\" data-id=\"3d56cf6c\" data-element_type=\"widget\" data-e-type=\"widget\" data-widget_type=\"heading.default\">\n\t\t\t\t<div class=\"elementor-widget-container\">\n\t\t\t\t\t<h2 class=\"elementor-heading-title elementor-size-default\">Die H\u00e4rchen sind im Grunde alle gleich, aber\u2026<\/h2>\t\t\t\t<\/div>\n\t\t\t\t<\/div>\n\t\t\t\t<div data-dce-text-color=\"#000000\" class=\"elementor-element elementor-element-7044bc81 elementor-widget elementor-widget-text-editor\" data-id=\"7044bc81\" data-element_type=\"widget\" data-e-type=\"widget\" data-widget_type=\"text-editor.default\">\n\t\t\t\t<div class=\"elementor-widget-container\">\n\t\t\t\t\t\t\t\t\t<p>Wir m\u00f6chten Ihnen mitteilen, dass es ausreicht, sich einmal mit einem Laser auf das Haarwachstum bestrahlen zu lassen, und das war&#8217;s. Im Grunde genommen stimmt das, aber in jedem einzelnen Moment befinden sich die Haare am menschlichen K\u00f6rper in verschiedenen Wachstumsphasen, und der Laser ben\u00f6tigt f\u00fcr eine maximale Wirkung eine ganz bestimmte Wachstumsphase.<\/p>\n<p>Also ja, nach unserem Eingriff wird tats\u00e4chlich ein Teil der Haare f\u00fcr immer verschwinden, die gr\u00f6\u00dfte Menge sogar gleich beim ersten Mal, aber andere m\u00fcssen auf die Zerst\u00f6rung warten, bis sie etwas gewachsen sind.<\/p>\n\t\t\t\t\t\t\t\t<\/div>\n\t\t\t\t<\/div>\n\t\t\t\t\t<\/div>\n\t\t<\/div>\n\t\t\t\t<div data-dce-background-image-url=\"https:\/\/www.premier-clinic.cz\/wp-content\/uploads\/2023\/03\/lazerk0-41.jpg\" class=\"elementor-column elementor-col-50 elementor-top-column elementor-element elementor-element-7833defd\" data-id=\"7833defd\" data-element_type=\"column\" data-e-type=\"column\" data-settings=\"{&quot;background_background&quot;:&quot;classic&quot;}\">\n\t\t\t<div class=\"elementor-widget-wrap elementor-element-populated\">\n\t\t\t\t\t\t<div class=\"elementor-element elementor-element-7925f1a elementor-widget elementor-widget-spacer\" data-id=\"7925f1a\" data-element_type=\"widget\" data-e-type=\"widget\" data-widget_type=\"spacer.default\">\n\t\t\t\t<div class=\"elementor-widget-container\">\n\t\t\t\t\t\t\t<div class=\"elementor-spacer\">\n\t\t\t<div class=\"elementor-spacer-inner\"><\/div>\n\t\t<\/div>\n\t\t\t\t\t\t<\/div>\n\t\t\t\t<\/div>\n\t\t\t\t\t<\/div>\n\t\t<\/div>\n\t\t\t\t\t<\/div>\n\t\t<\/section>\n\t\t\t\t<section data-dce-background-color=\"#F1E0D8\" class=\"elementor-section elementor-top-section elementor-element elementor-element-59620dc6 elementor-reverse-tablet elementor-reverse-mobile elementor-section-boxed elementor-section-height-default elementor-section-height-default\" data-id=\"59620dc6\" data-element_type=\"section\" data-e-type=\"section\" data-settings=\"{&quot;jet_parallax_layout_list&quot;:[],&quot;background_background&quot;:&quot;classic&quot;}\">\n\t\t\t\t\t\t<div class=\"elementor-container elementor-column-gap-default\">\n\t\t\t\t\t<div data-dce-background-image-url=\"https:\/\/www.premier-clinic.cz\/wp-content\/uploads\/2022\/07\/img071222-42.jpg\" class=\"elementor-column elementor-col-50 elementor-top-column elementor-element elementor-element-49861c34\" data-id=\"49861c34\" data-element_type=\"column\" data-e-type=\"column\" data-settings=\"{&quot;background_background&quot;:&quot;classic&quot;}\">\n\t\t\t<div class=\"elementor-widget-wrap elementor-element-populated\">\n\t\t\t\t\t\t<div class=\"elementor-element elementor-element-5a3e5447 elementor-widget elementor-widget-spacer\" data-id=\"5a3e5447\" data-element_type=\"widget\" data-e-type=\"widget\" data-widget_type=\"spacer.default\">\n\t\t\t\t<div class=\"elementor-widget-container\">\n\t\t\t\t\t\t\t<div class=\"elementor-spacer\">\n\t\t\t<div class=\"elementor-spacer-inner\"><\/div>\n\t\t<\/div>\n\t\t\t\t\t\t<\/div>\n\t\t\t\t<\/div>\n\t\t\t\t\t<\/div>\n\t\t<\/div>\n\t\t\t\t<div data-dce-background-color=\"#FFFFFF\" class=\"elementor-column elementor-col-50 elementor-top-column elementor-element elementor-element-4bbfbd8a\" data-id=\"4bbfbd8a\" data-element_type=\"column\" data-e-type=\"column\" data-settings=\"{&quot;background_background&quot;:&quot;classic&quot;}\">\n\t\t\t<div class=\"elementor-widget-wrap elementor-element-populated\">\n\t\t\t\t\t\t<div class=\"elementor-element elementor-element-2cd9170f elementor-widget__width-auto elementor-widget elementor-widget-heading\" data-id=\"2cd9170f\" data-element_type=\"widget\" data-e-type=\"widget\" data-widget_type=\"heading.default\">\n\t\t\t\t<div class=\"elementor-widget-container\">\n\t\t\t\t\t<p class=\"elementor-heading-title elementor-size-default\">Um welche Phasen handelt es sich? Fachleute unterscheiden folgende Etappen:<\/p>\t\t\t\t<\/div>\n\t\t\t\t<\/div>\n\t\t\t\t<div data-dce-text-color=\"#000000\" class=\"elementor-element elementor-element-70b50f49 elementor-widget elementor-widget-text-editor\" data-id=\"70b50f49\" data-element_type=\"widget\" data-e-type=\"widget\" data-widget_type=\"text-editor.default\">\n\t\t\t\t<div class=\"elementor-widget-container\">\n\t\t\t\t\t\t\t\t\t<ul>\n<li>Die anagene Wachstumsphase ist ein aktiver Zustand, in dem das Haar w\u00e4chst und sein Pigment konzentriert ist. Man kann sagen, dass es in dieser Phase am vitalsten ist.<\/li>\n<li>Die katagene Phase kann auch als verlangsamen oder hemmend bezeichnet werden. Das Haar hat seinen H\u00f6hepunkt erreicht, stagniert und bereitet sich langsam auf den \u201eHerbst seines Lebens\u201c vor.<\/li>\n<li>Die telogene oder Endphase ist das Ende der Existenz des Haares, das jedoch in diesem Stadium an der Oberfl\u00e4che des K\u00f6rpers bleibt, bis ein frischer Nachfolger im Haarfollikel bereit ist.<\/li>\n<\/ul>\n\t\t\t\t\t\t\t\t<\/div>\n\t\t\t\t<\/div>\n\t\t\t\t\t<\/div>\n\t\t<\/div>\n\t\t\t\t\t<\/div>\n\t\t<\/section>\n\t\t\t\t<section class=\"elementor-section elementor-top-section elementor-element elementor-element-6b3529a2 elementor-section-boxed elementor-section-height-default elementor-section-height-default\" data-id=\"6b3529a2\" data-element_type=\"section\" data-e-type=\"section\" data-settings=\"{&quot;jet_parallax_layout_list&quot;:[]}\">\n\t\t\t\t\t\t<div class=\"elementor-container elementor-column-gap-default\">\n\t\t\t\t\t<div data-dce-background-color=\"#F8F8F8\" class=\"elementor-column elementor-col-50 elementor-top-column elementor-element elementor-element-4a3c2e1\" data-id=\"4a3c2e1\" data-element_type=\"column\" data-e-type=\"column\" data-settings=\"{&quot;background_background&quot;:&quot;classic&quot;}\">\n\t\t\t<div class=\"elementor-widget-wrap elementor-element-populated\">\n\t\t\t\t\t\t<div data-dce-text-color=\"#000000\" class=\"elementor-element elementor-element-5313fce2 elementor-widget elementor-widget-text-editor\" data-id=\"5313fce2\" data-element_type=\"widget\" data-e-type=\"widget\" data-widget_type=\"text-editor.default\">\n\t\t\t\t<div class=\"elementor-widget-container\">\n\t\t\t\t\t\t\t\t\t<p>Obwohl dieser Zyklus eher im Bereich des Kopfhaars beobachtet wird, wo uns lange ausgefallene Haare leichter auffallen, gilt er f\u00fcr alle K\u00f6rperbehaarung. Und welche Phase ist ideal f\u00fcr die effektive Wirkung des Lasers? Die erste Wachstumsphase!<\/p>\n<p>Da \u201ef\u00fcr jedes H\u00e4rchen Wasser gekocht wird\u201c, das hei\u00dft, dass jedes fr\u00fcher oder sp\u00e4ter in diese geeignete Phase gelangt, k\u00f6nnen Sie sich mit dem Laser sicher sein, dass Ihr K\u00f6rper in ein paar Wochen, sp\u00e4testens Monaten, perfekt glatt sein wird. Z\u00f6gern Sie nicht, es auszuprobieren.<\/p>\n\t\t\t\t\t\t\t\t<\/div>\n\t\t\t\t<\/div>\n\t\t\t\t<div data-dce-background-color=\"#0B0F18\" class=\"elementor-element elementor-element-b0b75a1 elementor-align-left elementor-widget elementor-widget-button\" data-id=\"b0b75a1\" data-element_type=\"widget\" data-e-type=\"widget\" data-widget_type=\"button.default\">\n\t\t\t\t<div class=\"elementor-widget-container\">\n\t\t\t\t\t\t\t\t\t<div class=\"elementor-button-wrapper\">\n\t\t\t\t\t<a class=\"elementor-button elementor-button-link elementor-size-lg\" href=\"#elementor-action%3Aaction%3Dpopup%3Aopen%26settings%3DeyJpZCI6ODE2NSwidG9nZ2xlIjpmYWxzZX0%3D\">\n\t\t\t\t\t\t<span class=\"elementor-button-content-wrapper\">\n\t\t\t\t\t\t<span class=\"elementor-button-icon\">\n\t\t\t\t<svg xmlns=\"http:\/\/www.w3.org\/2000\/svg\" xmlns:xlink=\"http:\/\/www.w3.org\/1999\/xlink\" id=\"Vrstva_1\" x=\"0px\" y=\"0px\" viewBox=\"0 0 32 32\" style=\"enable-background:new 0 0 32 32;\" xml:space=\"preserve\"><style type=\"text\/css\">\t.st0{display:none;fill-rule:evenodd;clip-rule:evenodd;fill:none;stroke:#FFFFFF;stroke-width:3;stroke-miterlimit:10;}\t.st1{fill:none;stroke:#FFFFFF;stroke-width:3;stroke-miterlimit:10;}<\/style><title>phone-call<\/title><g id=\"celan-new\">\t<g id=\"home\" transform=\"translate(-1195.000000, -61.000000)\">\t\t<g id=\"Header\" transform=\"translate(360.000000, 56.000000)\">\t\t\t<g id=\"phone-call\" transform=\"translate(835.000000, 5.000000)\">\t\t\t\t<circle id=\"Oval\" class=\"st0\" cx=\"16\" cy=\"14.3\" r=\"34\"><\/circle>\t\t\t\t<path id=\"Shape\" class=\"st1\" d=\"M19.1,8.6c2.4,0.5,4.3,2.4,4.8,4.8 M19.1,3.7c5.1,0.6,9.1,4.6,9.7,9.6 M27.5,23.1v3.6      c0,0.7-0.3,1.3-0.8,1.8c-0.5,0.5-1.2,0.7-1.9,0.6c-3.7-0.4-7.3-1.7-10.5-3.7C11.5,23.5,9,21,7.1,18.1c-2.1-3.2-3.3-6.8-3.7-10.5      C3.3,6.9,3.6,6.2,4,5.7c0.5-0.5,1.1-0.8,1.8-0.8h3.6c1.2,0,2.3,0.9,2.4,2.1c0.2,1.2,0.4,2.3,0.9,3.4c0.3,0.9,0.1,1.9-0.5,2.6      l-1.5,1.5c1.7,3,4.2,5.6,7.3,7.3l1.5-1.5c0.7-0.7,1.7-0.9,2.6-0.5c1.1,0.4,2.2,0.7,3.4,0.9C26.7,20.8,27.6,21.8,27.5,23.1      L27.5,23.1z\"><\/path>\t\t\t<\/g>\t\t<\/g>\t<\/g><\/g><\/svg>\t\t\t<\/span>\n\t\t\t\t\t\t\t\t\t<span class=\"elementor-button-text\">Ich m\u00f6chte mich durch Laser von K\u00f6rperbehaarung befreien.<\/span>\n\t\t\t\t\t<\/span>\n\t\t\t\t\t<\/a>\n\t\t\t\t<\/div>\n\t\t\t\t\t\t\t\t<\/div>\n\t\t\t\t<\/div>\n\t\t\t\t\t<\/div>\n\t\t<\/div>\n\t\t\t\t<div data-dce-background-image-url=\"https:\/\/www.premier-clinic.cz\/wp-content\/uploads\/2022\/07\/img071222-23.jpg\" class=\"elementor-column elementor-col-50 elementor-top-column elementor-element elementor-element-70b4fac3\" data-id=\"70b4fac3\" data-element_type=\"column\" data-e-type=\"column\" data-settings=\"{&quot;background_background&quot;:&quot;classic&quot;}\">\n\t\t\t<div class=\"elementor-widget-wrap elementor-element-populated\">\n\t\t\t\t\t\t<div class=\"elementor-element elementor-element-6c1bc79e elementor-widget elementor-widget-spacer\" data-id=\"6c1bc79e\" data-element_type=\"widget\" data-e-type=\"widget\" data-widget_type=\"spacer.default\">\n\t\t\t\t<div class=\"elementor-widget-container\">\n\t\t\t\t\t\t\t<div class=\"elementor-spacer\">\n\t\t\t<div class=\"elementor-spacer-inner\"><\/div>\n\t\t<\/div>\n\t\t\t\t\t\t<\/div>\n\t\t\t\t<\/div>\n\t\t\t\t\t<\/div>\n\t\t<\/div>\n\t\t\t\t\t<\/div>\n\t\t<\/section>\n\t\t\t\t<section class=\"elementor-section elementor-top-section elementor-element elementor-element-891589c elementor-section-content-middle elementor-section-boxed elementor-section-height-default elementor-section-height-default\" data-id=\"891589c\" data-element_type=\"section\" data-e-type=\"section\" data-settings=\"{&quot;jet_parallax_layout_list&quot;:[]}\">\n\t\t\t\t\t\t<div class=\"elementor-container elementor-column-gap-default\">\n\t\t\t\t\t<div data-dce-background-image-url=\"https:\/\/www.premier-clinic.cz\/wp-content\/uploads\/2023\/03\/foto7.jpg\" class=\"elementor-column elementor-col-50 elementor-top-column elementor-element elementor-element-73bc570\" data-id=\"73bc570\" data-element_type=\"column\" data-e-type=\"column\" data-settings=\"{&quot;background_background&quot;:&quot;classic&quot;}\">\n\t\t\t<div class=\"elementor-widget-wrap elementor-element-populated\">\n\t\t\t\t\t\t<div class=\"elementor-element elementor-element-53efd35 elementor-widget elementor-widget-spacer\" data-id=\"53efd35\" data-element_type=\"widget\" data-e-type=\"widget\" data-widget_type=\"spacer.default\">\n\t\t\t\t<div class=\"elementor-widget-container\">\n\t\t\t\t\t\t\t<div class=\"elementor-spacer\">\n\t\t\t<div class=\"elementor-spacer-inner\"><\/div>\n\t\t<\/div>\n\t\t\t\t\t\t<\/div>\n\t\t\t\t<\/div>\n\t\t\t\t\t<\/div>\n\t\t<\/div>\n\t\t\t\t<div class=\"elementor-column elementor-col-50 elementor-top-column elementor-element elementor-element-e073d58\" data-id=\"e073d58\" data-element_type=\"column\" data-e-type=\"column\">\n\t\t\t<div class=\"elementor-widget-wrap elementor-element-populated\">\n\t\t\t\t\t\t<div class=\"elementor-element elementor-element-aeb0927 elementor-widget__width-auto elementor-widget elementor-widget-heading\" data-id=\"aeb0927\" data-element_type=\"widget\" data-e-type=\"widget\" data-widget_type=\"heading.default\">\n\t\t\t\t<div class=\"elementor-widget-container\">\n\t\t\t\t\t<h2 class=\"elementor-heading-title elementor-size-default\">Wie oft muss ich zur Laser-Epilierung gehen?<\/h2>\t\t\t\t<\/div>\n\t\t\t\t<\/div>\n\t\t\t\t<div data-dce-text-color=\"#000000\" class=\"elementor-element elementor-element-7cab1d9 elementor-widget elementor-widget-text-editor\" data-id=\"7cab1d9\" data-element_type=\"widget\" data-e-type=\"widget\" data-widget_type=\"text-editor.default\">\n\t\t\t\t<div class=\"elementor-widget-container\">\n\t\t\t\t\t\t\t\t\tAllgemeine Antwort auf diese Frage lautet: wahrscheinlich vier bis sechs Mal im Laufe von mehreren Wochen bis Monaten. Eine klarere Prognose h\u00e4ngt haupts\u00e4chlich von zwei Faktoren ab:\t\t\t\t\t\t\t\t<\/div>\n\t\t\t\t<\/div>\n\t\t\t\t<div class=\"elementor-element elementor-element-cbe2ff4 elementor-icon-list--layout-traditional elementor-list-item-link-full_width elementor-widget elementor-widget-icon-list\" data-id=\"cbe2ff4\" data-element_type=\"widget\" data-e-type=\"widget\" data-widget_type=\"icon-list.default\">\n\t\t\t\t<div class=\"elementor-widget-container\">\n\t\t\t\t\t\t\t<ul class=\"elementor-icon-list-items\">\n\t\t\t\t\t\t\t<li class=\"elementor-icon-list-item\">\n\t\t\t\t\t\t\t\t\t\t\t<span class=\"elementor-icon-list-icon\">\n\t\t\t\t\t\t\t<i aria-hidden=\"true\" class=\"fas fa-chevron-right\"><\/i>\t\t\t\t\t\t<\/span>\n\t\t\t\t\t\t\t\t\t\t<span class=\"elementor-icon-list-text\">wie schnell Ihnen Haare wachsen<\/span>\n\t\t\t\t\t\t\t\t\t<\/li>\n\t\t\t\t\t\t<\/ul>\n\t\t\t\t\t\t<\/div>\n\t\t\t\t<\/div>\n\t\t\t\t<div class=\"elementor-element elementor-element-db2f435 elementor-icon-list--layout-traditional elementor-list-item-link-full_width elementor-widget elementor-widget-icon-list\" data-id=\"db2f435\" data-element_type=\"widget\" data-e-type=\"widget\" data-widget_type=\"icon-list.default\">\n\t\t\t\t<div class=\"elementor-widget-container\">\n\t\t\t\t\t\t\t<ul class=\"elementor-icon-list-items\">\n\t\t\t\t\t\t\t<li class=\"elementor-icon-list-item\">\n\t\t\t\t\t\t\t\t\t\t\t<span class=\"elementor-icon-list-icon\">\n\t\t\t\t\t\t\t<i aria-hidden=\"true\" class=\"fas fa-chevron-right\"><\/i>\t\t\t\t\t\t<\/span>\n\t\t\t\t\t\t\t\t\t\t<span class=\"elementor-icon-list-text\">Wo m\u00f6chten Sie sich epilieren lassen (in den Leisten und Achseln ist es langsamer)?<\/span>\n\t\t\t\t\t\t\t\t\t<\/li>\n\t\t\t\t\t\t<\/ul>\n\t\t\t\t\t\t<\/div>\n\t\t\t\t<\/div>\n\t\t\t\t\t<\/div>\n\t\t<\/div>\n\t\t\t\t\t<\/div>\n\t\t<\/section>\n\t\t\t\t<section data-dce-background-color=\"#F3F3F3\" class=\"elementor-section elementor-top-section elementor-element elementor-element-6bc04d2b elementor-reverse-tablet elementor-reverse-mobile elementor-section-boxed elementor-section-height-default elementor-section-height-default\" data-id=\"6bc04d2b\" data-element_type=\"section\" data-e-type=\"section\" data-settings=\"{&quot;jet_parallax_layout_list&quot;:[],&quot;background_background&quot;:&quot;classic&quot;}\">\n\t\t\t\t\t\t<div class=\"elementor-container elementor-column-gap-default\">\n\t\t\t\t\t<div data-dce-background-color=\"#FFFFFF\" class=\"elementor-column elementor-col-100 elementor-top-column elementor-element elementor-element-657197b2\" data-id=\"657197b2\" data-element_type=\"column\" data-e-type=\"column\" data-settings=\"{&quot;background_background&quot;:&quot;classic&quot;}\">\n\t\t\t<div class=\"elementor-widget-wrap elementor-element-populated\">\n\t\t\t\t\t\t<div data-dce-text-color=\"#000000\" class=\"elementor-element elementor-element-4eba867a elementor-widget elementor-widget-text-editor\" data-id=\"4eba867a\" data-element_type=\"widget\" data-e-type=\"widget\" data-widget_type=\"text-editor.default\">\n\t\t\t\t<div class=\"elementor-widget-container\">\n\t\t\t\t\t\t\t\t\t<p>Was aber sicher ist: Nach der Ausrottung der letzten Mohikaner werden Sie f\u00fcr viele Jahre (je nachdem, wie gut Ihr Organismus regenerieren kann), wenn nicht sogar f\u00fcr ein ganzes Leben, Ruhe haben. Wenden Sie sich an uns, wir erf\u00fcllen gerne Ihre W\u00fcnsche.<\/p>\n\t\t\t\t\t\t\t\t<\/div>\n\t\t\t\t<\/div>\n\t\t\t\t<div data-dce-background-color=\"#0B0F18\" class=\"elementor-element elementor-element-719b3dd elementor-align-center elementor-widget elementor-widget-button\" data-id=\"719b3dd\" data-element_type=\"widget\" data-e-type=\"widget\" data-widget_type=\"button.default\">\n\t\t\t\t<div class=\"elementor-widget-container\">\n\t\t\t\t\t\t\t\t\t<div class=\"elementor-button-wrapper\">\n\t\t\t\t\t<a class=\"elementor-button elementor-button-link elementor-size-lg\" href=\"#elementor-action%3Aaction%3Dpopup%3Aopen%26settings%3DeyJpZCI6ODE2NSwidG9nZ2xlIjpmYWxzZX0%3D\">\n\t\t\t\t\t\t<span class=\"elementor-button-content-wrapper\">\n\t\t\t\t\t\t<span class=\"elementor-button-icon\">\n\t\t\t\t<svg xmlns=\"http:\/\/www.w3.org\/2000\/svg\" xmlns:xlink=\"http:\/\/www.w3.org\/1999\/xlink\" id=\"Vrstva_1\" x=\"0px\" y=\"0px\" viewBox=\"0 0 32 32\" style=\"enable-background:new 0 0 32 32;\" xml:space=\"preserve\"><style type=\"text\/css\">\t.st0{display:none;fill-rule:evenodd;clip-rule:evenodd;fill:none;stroke:#FFFFFF;stroke-width:3;stroke-miterlimit:10;}\t.st1{fill:none;stroke:#FFFFFF;stroke-width:3;stroke-miterlimit:10;}<\/style><title>phone-call<\/title><g id=\"celan-new\">\t<g id=\"home\" transform=\"translate(-1195.000000, -61.000000)\">\t\t<g id=\"Header\" transform=\"translate(360.000000, 56.000000)\">\t\t\t<g id=\"phone-call\" transform=\"translate(835.000000, 5.000000)\">\t\t\t\t<circle id=\"Oval\" class=\"st0\" cx=\"16\" cy=\"14.3\" r=\"34\"><\/circle>\t\t\t\t<path id=\"Shape\" class=\"st1\" d=\"M19.1,8.6c2.4,0.5,4.3,2.4,4.8,4.8 M19.1,3.7c5.1,0.6,9.1,4.6,9.7,9.6 M27.5,23.1v3.6      c0,0.7-0.3,1.3-0.8,1.8c-0.5,0.5-1.2,0.7-1.9,0.6c-3.7-0.4-7.3-1.7-10.5-3.7C11.5,23.5,9,21,7.1,18.1c-2.1-3.2-3.3-6.8-3.7-10.5      C3.3,6.9,3.6,6.2,4,5.7c0.5-0.5,1.1-0.8,1.8-0.8h3.6c1.2,0,2.3,0.9,2.4,2.1c0.2,1.2,0.4,2.3,0.9,3.4c0.3,0.9,0.1,1.9-0.5,2.6      l-1.5,1.5c1.7,3,4.2,5.6,7.3,7.3l1.5-1.5c0.7-0.7,1.7-0.9,2.6-0.5c1.1,0.4,2.2,0.7,3.4,0.9C26.7,20.8,27.6,21.8,27.5,23.1      L27.5,23.1z\"><\/path>\t\t\t<\/g>\t\t<\/g>\t<\/g><\/g><\/svg>\t\t\t<\/span>\n\t\t\t\t\t\t\t\t\t<span class=\"elementor-button-text\">Ich m\u00f6chte eine Laser-Haarentfernung.<\/span>\n\t\t\t\t\t<\/span>\n\t\t\t\t\t<\/a>\n\t\t\t\t<\/div>\n\t\t\t\t\t\t\t\t<\/div>\n\t\t\t\t<\/div>\n\t\t\t\t\t<\/div>\n\t\t<\/div>\n\t\t\t\t\t<\/div>\n\t\t<\/section>\n\t\t\t\t<section class=\"elementor-section elementor-top-section elementor-element elementor-element-4f665fff elementor-section-boxed elementor-section-height-default elementor-section-height-default\" data-id=\"4f665fff\" data-element_type=\"section\" data-e-type=\"section\" data-settings=\"{&quot;jet_parallax_layout_list&quot;:[]}\">\n\t\t\t\t\t\t<div class=\"elementor-container elementor-column-gap-default\">\n\t\t\t\t\t<div class=\"elementor-column elementor-col-100 elementor-top-column elementor-element elementor-element-518040bd\" data-id=\"518040bd\" data-element_type=\"column\" data-e-type=\"column\">\n\t\t\t<div class=\"elementor-widget-wrap elementor-element-populated\">\n\t\t\t\t\t\t<div class=\"elementor-element elementor-element-32f8e4fd elementor-widget elementor-widget-heading\" data-id=\"32f8e4fd\" data-element_type=\"widget\" data-e-type=\"widget\" data-widget_type=\"heading.default\">\n\t\t\t\t<div class=\"elementor-widget-container\">\n\t\t\t\t\t<h2 class=\"elementor-heading-title elementor-size-default\">Verwandte Beitr\u00e4ge<\/h2>\t\t\t\t<\/div>\n\t\t\t\t<\/div>\n\t\t\t\t<div class=\"elementor-element elementor-element-292bb140 elementor-grid-tablet-1 elementor-grid-3 elementor-grid-mobile-1 elementor-posts--thumbnail-top elementor-card-shadow-yes elementor-posts__hover-gradient elementor-widget elementor-widget-posts\" data-id=\"292bb140\" data-element_type=\"widget\" data-e-type=\"widget\" data-settings=\"{&quot;cards_columns_tablet&quot;:&quot;1&quot;,&quot;cards_columns&quot;:&quot;3&quot;,&quot;cards_columns_mobile&quot;:&quot;1&quot;,&quot;cards_row_gap&quot;:{&quot;unit&quot;:&quot;px&quot;,&quot;size&quot;:35,&quot;sizes&quot;:[]},&quot;cards_row_gap_tablet&quot;:{&quot;unit&quot;:&quot;px&quot;,&quot;size&quot;:&quot;&quot;,&quot;sizes&quot;:[]},&quot;cards_row_gap_mobile&quot;:{&quot;unit&quot;:&quot;px&quot;,&quot;size&quot;:&quot;&quot;,&quot;sizes&quot;:[]}}\" data-widget_type=\"posts.cards\">\n\t\t\t\t<div class=\"elementor-widget-container\">\n\t\t\t\t\t\t\t<div class=\"elementor-posts-container elementor-posts elementor-posts--skin-cards elementor-grid\" role=\"list\">\n\t\t\t\t<article class=\"elementor-post elementor-grid-item post-28944 post type-post status-publish format-standard hentry category-uncategorized-cs\" role=\"listitem\">\n\t\t\t<div class=\"elementor-post__card\">\n\t\t\t\t<div class=\"elementor-post__text\">\n\t\t\t\t<h3 class=\"elementor-post__title\">\n\t\t\t<a href=\"https:\/\/www.premier-clinic.cz\/pandemia-sucasnosti\/\" >\n\t\t\t\tPandemie sou\u010dasnosti\t\t\t<\/a>\n\t\t<\/h3>\n\t\t\t\t<div class=\"elementor-post__excerpt\">\n\t\t\t<p>Co je liped\u00e9m a pro\u010d ho nelze zam\u011b\u0148ovat s b\u011b\u017enou obezitou Liped\u00e9m\u00a0je onemocn\u011bn\u00ed, o kter\u00e9m v\u011bt\u0161ina lid\u00ed nikdy nesly\u0161ela \u2013 p\u0159esto postihuje ka\u017edou 6. a\u017e<\/p>\n\t\t<\/div>\n\t\t\n\t\t<a class=\"elementor-post__read-more\" href=\"https:\/\/www.premier-clinic.cz\/pandemia-sucasnosti\/\" aria-label=\"Read more about Pandemie sou\u010dasnosti\" tabindex=\"-1\" >\n\t\t\tLesen Sie mehr \u00bb\t\t<\/a>\n\n\t\t\t\t<\/div>\n\t\t\t\t\t<\/div>\n\t\t<\/article>\n\t\t\t\t<article class=\"elementor-post elementor-grid-item post-29240 post type-post status-publish format-standard has-post-thumbnail hentry category-blog\" role=\"listitem\">\n\t\t\t<div class=\"elementor-post__card\">\n\t\t\t\t<a class=\"elementor-post__thumbnail__link\" href=\"https:\/\/www.premier-clinic.cz\/de\/lange-haare-wie-man-sie-bekommt-wir-kennen-alle-tricks\/\" tabindex=\"-1\" ><div class=\"elementor-post__thumbnail\"><img fetchpriority=\"high\" decoding=\"async\" width=\"768\" height=\"466\" src=\"https:\/\/www.premier-clinic.cz\/wp-content\/uploads\/2022\/07\/img071222-17-768x466.jpg\" class=\"attachment-medium_large size-medium_large wp-image-16031\" alt=\"obr\u00e1zek\" srcset=\"https:\/\/www.premier-clinic.cz\/wp-content\/uploads\/2022\/07\/img071222-17-768x466.jpg 768w, https:\/\/www.premier-clinic.cz\/wp-content\/uploads\/2022\/07\/img071222-17-300x182.jpg 300w, https:\/\/www.premier-clinic.cz\/wp-content\/uploads\/2022\/07\/img071222-17-1024x621.jpg 1024w, https:\/\/www.premier-clinic.cz\/wp-content\/uploads\/2022\/07\/img071222-17.jpg 1100w\" sizes=\"(max-width: 768px) 100vw, 768px\" title=\"obr\u00e1zek\"><\/div><\/a>\n\t\t\t\t<div class=\"elementor-post__text\">\n\t\t\t\t<h3 class=\"elementor-post__title\">\n\t\t\t<a href=\"https:\/\/www.premier-clinic.cz\/de\/lange-haare-wie-man-sie-bekommt-wir-kennen-alle-tricks\/\" >\n\t\t\t\tLange Haare - wie man sie bekommt? Wir kennen alle Tricks.\t\t\t<\/a>\n\t\t<\/h3>\n\t\t\t\t<div class=\"elementor-post__excerpt\">\n\t\t\t<p>Lange Haare - wie bekommt man sie? Wir kennen alle Tricks. Sehnen Sie sich nach langen Haaren? Wie erreichen Sie sie? Leider gibt es keine<\/p>\n\t\t<\/div>\n\t\t\n\t\t<a class=\"elementor-post__read-more\" href=\"https:\/\/www.premier-clinic.cz\/de\/lange-haare-wie-man-sie-bekommt-wir-kennen-alle-tricks\/\" aria-label=\"Read more about Lange Haare - wie man sie bekommt? Wir kennen alle Tricks.\" tabindex=\"-1\" >\n\t\t\tLesen Sie mehr \u00bb\t\t<\/a>\n\n\t\t\t\t<\/div>\n\t\t\t\t\t<\/div>\n\t\t<\/article>\n\t\t\t\t<article class=\"elementor-post elementor-grid-item post-29246 post type-post status-publish format-standard has-post-thumbnail hentry category-blog-2\" role=\"listitem\">\n\t\t\t<div class=\"elementor-post__card\">\n\t\t\t\t<a class=\"elementor-post__thumbnail__link\" href=\"https:\/\/www.premier-clinic.cz\/de\/wie-geht-man-mit-fettigem-haar-um-wir-kennen-ihre-ursachen-und-loesungen\/\" tabindex=\"-1\" ><div class=\"elementor-post__thumbnail\"><img decoding=\"async\" width=\"768\" height=\"512\" src=\"https:\/\/www.premier-clinic.cz\/wp-content\/uploads\/2022\/11\/qwertyui-14-768x512.jpg\" class=\"attachment-medium_large size-medium_large wp-image-17250\" alt=\"obr\u00e1zek\" srcset=\"https:\/\/www.premier-clinic.cz\/wp-content\/uploads\/2022\/11\/qwertyui-14-768x512.jpg 768w, https:\/\/www.premier-clinic.cz\/wp-content\/uploads\/2022\/11\/qwertyui-14-300x200.jpg 300w, https:\/\/www.premier-clinic.cz\/wp-content\/uploads\/2022\/11\/qwertyui-14-1024x683.jpg 1024w, https:\/\/www.premier-clinic.cz\/wp-content\/uploads\/2022\/11\/qwertyui-14.jpg 1280w\" sizes=\"(max-width: 768px) 100vw, 768px\" title=\"obr\u00e1zek\"><\/div><\/a>\n\t\t\t\t<div class=\"elementor-post__text\">\n\t\t\t\t<h3 class=\"elementor-post__title\">\n\t\t\t<a href=\"https:\/\/www.premier-clinic.cz\/de\/wie-geht-man-mit-fettigem-haar-um-wir-kennen-ihre-ursachen-und-loesungen\/\" >\n\t\t\t\tWie geht man mit fettigem Haar um? Wir kennen ihre Ursachen und L\u00f6sungen.\t\t\t<\/a>\n\t\t<\/h3>\n\t\t\t\t<div class=\"elementor-post__excerpt\">\n\t\t\t<p>Wie behandelt man fettiges Haar? Wir kennen ihre Ursachen und L\u00f6sungen. Leiden Sie unter schlaffen Haaren, die Sie fast t\u00e4glich waschen m\u00fcssen? Dabei sind Sie<\/p>\n\t\t<\/div>\n\t\t\n\t\t<a class=\"elementor-post__read-more\" href=\"https:\/\/www.premier-clinic.cz\/de\/wie-geht-man-mit-fettigem-haar-um-wir-kennen-ihre-ursachen-und-loesungen\/\" aria-label=\"Read more about Wie geht man mit fettigem Haar um? Wir kennen ihre Ursachen und L\u00f6sungen.\" tabindex=\"-1\" >\n\t\t\tLesen Sie mehr \u00bb\t\t<\/a>\n\n\t\t\t\t<\/div>\n\t\t\t\t\t<\/div>\n\t\t<\/article>\n\t\t\t\t<\/div>\n\t\t\n\t\t\t\t\t\t<\/div>\n\t\t\t\t<\/div>\n\t\t\t\t<div data-dce-background-color=\"#0B0F18\" class=\"elementor-element elementor-element-3c0d7d43 elementor-align-center elementor-widget elementor-widget-global elementor-global-17654 elementor-widget-button\" data-id=\"3c0d7d43\" data-element_type=\"widget\" data-e-type=\"widget\" data-widget_type=\"button.default\">\n\t\t\t\t<div class=\"elementor-widget-container\">\n\t\t\t\t\t\t\t\t\t<div class=\"elementor-button-wrapper\">\n\t\t\t\t\t<a class=\"elementor-button elementor-button-link elementor-size-lg\" href=\"https:\/\/www.premier-clinic.cz\/blog\/\">\n\t\t\t\t\t\t<span class=\"elementor-button-content-wrapper\">\n\t\t\t\t\t\t\t\t\t<span class=\"elementor-button-text\">Zobrazit v\u00edce<\/span>\n\t\t\t\t\t<\/span>\n\t\t\t\t\t<\/a>\n\t\t\t\t<\/div>\n\t\t\t\t\t\t\t\t<\/div>\n\t\t\t\t<\/div>\n\t\t\t\t\t<\/div>\n\t\t<\/div>\n\t\t\t\t\t<\/div>\n\t\t<\/section>\n\t\t\t\t<\/div>","protected":false},"excerpt":{"rendered":"<p>Laser-Haarentfernung - wie lange bleibt meine Haut glatt und haarfrei? Jeder, der versucht hat, sich auf die eine oder andere Weise von K\u00f6rperbehaarung zu befreien, wei\u00df, dass die ideale Vorstellung weit von der Realit\u00e4t entfernt ist. Nach der Rasur oder dem Zupfen der Haare f\u00fchlte sich die Haut kaum eine Woche lang sch\u00f6n glatt an, [&hellip;]<\/p>\n","protected":false},"author":10,"featured_media":18250,"comment_status":"closed","ping_status":"closed","sticky":false,"template":"","format":"standard","meta":{"_acf_changed":false,"footnotes":""},"categories":[1],"tags":[],"class_list":["post-29195","post","type-post","status-publish","format-standard","has-post-thumbnail","hentry","category-uncategorized-cs"],"acf":[],"_links":{"self":[{"href":"https:\/\/www.premier-clinic.cz\/de\/wp-json\/wp\/v2\/posts\/29195","targetHints":{"allow":["GET"]}}],"collection":[{"href":"https:\/\/www.premier-clinic.cz\/de\/wp-json\/wp\/v2\/posts"}],"about":[{"href":"https:\/\/www.premier-clinic.cz\/de\/wp-json\/wp\/v2\/types\/post"}],"author":[{"embeddable":true,"href":"https:\/\/www.premier-clinic.cz\/de\/wp-json\/wp\/v2\/users\/10"}],"replies":[{"embeddable":true,"href":"https:\/\/www.premier-clinic.cz\/de\/wp-json\/wp\/v2\/comments?post=29195"}],"version-history":[{"count":0,"href":"https:\/\/www.premier-clinic.cz\/de\/wp-json\/wp\/v2\/posts\/29195\/revisions"}],"wp:featuredmedia":[{"embeddable":true,"href":"https:\/\/www.premier-clinic.cz\/de\/wp-json\/wp\/v2\/media\/18250"}],"wp:attachment":[{"href":"https:\/\/www.premier-clinic.cz\/de\/wp-json\/wp\/v2\/media?parent=29195"}],"wp:term":[{"taxonomy":"category","embeddable":true,"href":"https:\/\/www.premier-clinic.cz\/de\/wp-json\/wp\/v2\/categories?post=29195"},{"taxonomy":"post_tag","embeddable":true,"href":"https:\/\/www.premier-clinic.cz\/de\/wp-json\/wp\/v2\/tags?post=29195"}],"curies":[{"name":"wp","href":"https:\/\/api.w.org\/{rel}","templated":true}]}}